{"id":36,"date":"2023-04-04T15:01:44","date_gmt":"2023-04-04T18:01:44","guid":{"rendered":"https:\/\/www.5mmetais.com.br\/blog\/?p=36"},"modified":"2023-04-04T15:01:46","modified_gmt":"2023-04-04T18:01:46","slug":"venda-e-corte-de-cantoneiras-conheca-mais-sobre","status":"publish","type":"post","link":"https:\/\/www.5mmetais.com.br\/blog\/cantoneiras\/venda-e-corte-de-cantoneiras-conheca-mais-sobre\/","title":{"rendered":"Venda e corte de cantoneiras na zona oeste : conhe\u00e7a mais sobre esse setor"},"content":{"rendered":"<span class=\"span-reading-time rt-reading-time\" style=\"display: block;\"><span class=\"rt-label rt-prefix\">Tempo de leitura: <\/span> <span class=\"rt-time\"> 2<\/span> <span class=\"rt-label rt-postfix\">minutos<\/span><\/span>\n<p>Voc\u00ea sabe como \u00e9 o servi\u00e7o de venda e corte de cantoneiras na zona oeste? Este \u00e9 um setor que possui suma import\u00e2ncia devido a alta usabilidade deste item nos mais diversos setores. No texto de hoje falaremos sobre as vantagens das cantoneiras e mais sobre o servi\u00e7o de venda e corte. Confira!!!<\/p>\n\n\n\n<p>No ramo de constru\u00e7\u00e3o civil, s\u00e3o utilizados materiais e equipamentos de alto desempenho para as mais diversas finalidades. As cantoneiras de a\u00e7o possuem suma import\u00e2ncia nesse setor e diversos outros como a serralheria, por exemplo.<\/p>\n\n\n\n<div id=\"ez-toc-container\" class=\"ez-toc-v2_0_74 counter-hierarchy ez-toc-counter ez-toc-grey ez-toc-container-direction\">\n<div class=\"ez-toc-title-container\">\n<p class=\"ez-toc-title\" style=\"cursor:inherit\">O que abordaremos neste artigo:<\/p>\n<span class=\"ez-toc-title-toggle\"><a href=\"#\" class=\"ez-toc-pull-right ez-toc-btn ez-toc-btn-xs ez-toc-btn-default ez-toc-toggle\" aria-label=\"Alternar tabela de conte\u00fado\"><span class=\"ez-toc-js-icon-con\"><span class=\"\"><span class=\"eztoc-hide\" style=\"display:none;\">Toggle<\/span><span class=\"ez-toc-icon-toggle-span\"><svg style=\"fill: #999;color:#999\" xmlns=\"http:\/\/www.w3.org\/2000\/svg\" class=\"list-377408\" width=\"20px\" height=\"20px\" viewBox=\"0 0 24 24\" fill=\"none\"><path d=\"M6 6H4v2h2V6zm14 0H8v2h12V6zM4 11h2v2H4v-2zm16 0H8v2h12v-2zM4 16h2v2H4v-2zm16 0H8v2h12v-2z\" fill=\"currentColor\"><\/path><\/svg><svg style=\"fill: #999;color:#999\" class=\"arrow-unsorted-368013\" xmlns=\"http:\/\/www.w3.org\/2000\/svg\" width=\"10px\" height=\"10px\" viewBox=\"0 0 24 24\" version=\"1.2\" baseProfile=\"tiny\"><path d=\"M18.2 9.3l-6.2-6.3-6.2 6.3c-.2.2-.3.4-.3.7s.1.5.3.7c.2.2.4.3.7.3h11c.3 0 .5-.1.7-.3.2-.2.3-.5.3-.7s-.1-.5-.3-.7zM5.8 14.7l6.2 6.3 6.2-6.3c.2-.2.3-.5.3-.7s-.1-.5-.3-.7c-.2-.2-.4-.3-.7-.3h-11c-.3 0-.5.1-.7.3-.2.2-.3.5-.3.7s.1.5.3.7z\"\/><\/svg><\/span><\/span><\/span><\/a><\/span><\/div>\n<nav><ul class='ez-toc-list ez-toc-list-level-1 ' ><li class='ez-toc-page-1 ez-toc-heading-level-2'><a class=\"ez-toc-link ez-toc-heading-1\" href=\"https:\/\/www.5mmetais.com.br\/blog\/cantoneiras\/venda-e-corte-de-cantoneiras-conheca-mais-sobre\/#O_que_sao_cantoneiras_de_aco\" >O que s\u00e3o cantoneiras de a\u00e7o<\/a><\/li><li class='ez-toc-page-1 ez-toc-heading-level-2'><a class=\"ez-toc-link ez-toc-heading-2\" href=\"https:\/\/www.5mmetais.com.br\/blog\/cantoneiras\/venda-e-corte-de-cantoneiras-conheca-mais-sobre\/#As_vantagens_que_a_cantoneira_de_aco_oferecem\" >As vantagens que a cantoneira de a\u00e7o oferecem<\/a><\/li><li class='ez-toc-page-1 ez-toc-heading-level-2'><a class=\"ez-toc-link ez-toc-heading-3\" href=\"https:\/\/www.5mmetais.com.br\/blog\/cantoneiras\/venda-e-corte-de-cantoneiras-conheca-mais-sobre\/#Venda_e_corte_de_cantoneiras_na_zona_oeste_onde_encontrar\" >Venda e corte de cantoneiras na zona oeste: onde encontrar<\/a><\/li><\/ul><\/nav><\/div>\n<h2 class=\"wp-block-heading\"><span class=\"ez-toc-section\" id=\"O_que_sao_cantoneiras_de_aco\"><\/span>O que s\u00e3o cantoneiras de a\u00e7o<span class=\"ez-toc-section-end\"><\/span><\/h2>\n\n\n<div class=\"wp-block-image\">\n<figure class=\"aligncenter size-full is-resized\"><img loading=\"lazy\" decoding=\"async\" src=\"https:\/\/www.5mmetais.com.br\/blog\/wp-content\/uploads\/2021\/10\/venda-e-corte-de-cantoneiras1.png\" alt=\"venda e corte de cantoneiras\" class=\"wp-image-37\" width=\"732\" height=\"325\" srcset=\"https:\/\/www.5mmetais.com.br\/blog\/wp-content\/uploads\/2021\/10\/venda-e-corte-de-cantoneiras1.png 588w, https:\/\/www.5mmetais.com.br\/blog\/wp-content\/uploads\/2021\/10\/venda-e-corte-de-cantoneiras1-300x133.png 300w\" sizes=\"auto, (max-width: 732px) 100vw, 732px\" \/><\/figure>\n<\/div>\n\n\n<p>As cantoneiras de a\u00e7o s\u00e3o materiais constitu\u00eddos de duas abas met\u00e1licas, que juntas formam um \u00e2ngulo de 90\u00ba. Devido a esse formato, elas s\u00e3o capazes de garantir maior estabilidade e ter resist\u00eancia na exposi\u00e7\u00e3o a fatores de desgaste, como intemp\u00e9ries e temperaturas adversas dentro das ind\u00fastrias.<\/p>\n\n\n\n<p>Esse tipo de material \u00e9 extremamente vers\u00e1til, podendo ser encontrado em diversos formatos, sejam eles em L, U, H e diversos outros. As cantoneiras de a\u00e7o\u00a0na zona oeste s\u00e3o aplicadas em:<\/p>\n\n\n\n<ul class=\"wp-block-list\">\n<li>Estruturas met\u00e1licas, torres de energia ou de comunica\u00e7\u00e3o;<\/li>\n\n\n\n<li>Acabamentos de constru\u00e7\u00f5es;<\/li>\n\n\n\n<li>Fabrica\u00e7\u00e3o de equipamentos agr\u00edcolos;<\/li>\n\n\n\n<li>E diversos outros setores.<\/li>\n<\/ul>\n\n\n\n<h2 class=\"wp-block-heading\"><span class=\"ez-toc-section\" id=\"As_vantagens_que_a_cantoneira_de_aco_oferecem\"><\/span>As vantagens que a cantoneira de a\u00e7o oferecem<span class=\"ez-toc-section-end\"><\/span><\/h2>\n\n\n\n<p>As cantoneiras de a\u00e7o na zona oeste s\u00e3o reconhecidas e altamente aplicadas pelas vantagens que ela oferece. Algumas delas s\u00e3o:<\/p>\n\n\n\n<ul class=\"wp-block-list\">\n<li>Resist\u00eancia a altas e baixas temperaturas;<\/li>\n\n\n\n<li>\u00d3timo custo-benef\u00edcio;<\/li>\n\n\n\n<li>Resist\u00eancia a corros\u00e3o;<\/li>\n\n\n\n<li>Resist\u00eancia a desgastes e choques mec\u00e2nicos.<\/li>\n<\/ul>\n\n\n<div class=\"wp-block-image\">\n<figure class=\"aligncenter size-full\"><img loading=\"lazy\" decoding=\"async\" width=\"780\" height=\"520\" src=\"https:\/\/www.5mmetais.com.br\/blog\/wp-content\/uploads\/2021\/10\/venda-e-corte-de-cantoneiras.png\" alt=\"venda e corte de cantoneiras\" class=\"wp-image-38\" srcset=\"https:\/\/www.5mmetais.com.br\/blog\/wp-content\/uploads\/2021\/10\/venda-e-corte-de-cantoneiras.png 780w, https:\/\/www.5mmetais.com.br\/blog\/wp-content\/uploads\/2021\/10\/venda-e-corte-de-cantoneiras-300x200.png 300w, https:\/\/www.5mmetais.com.br\/blog\/wp-content\/uploads\/2021\/10\/venda-e-corte-de-cantoneiras-768x512.png 768w\" sizes=\"auto, (max-width: 780px) 100vw, 780px\" \/><\/figure>\n<\/div>\n\n\n<h2 class=\"wp-block-heading\"><span class=\"ez-toc-section\" id=\"Venda_e_corte_de_cantoneiras_na_zona_oeste_onde_encontrar\"><\/span>Venda e corte de cantoneiras na zona oeste: onde encontrar<span class=\"ez-toc-section-end\"><\/span><\/h2>\n\n\n\n<p>Levando em considera\u00e7\u00e3o a alta usabilidade das cantoneiras nos mais diversos setores, o servi\u00e7o de venda e corte de cantoneiras se mostra cada vez mais em evid\u00eancia. Por\u00e9m, para que a qualidade seja o esperado, \u00e9 necess\u00e1rio encontrar uma empresa qualificada e que possui experi\u00eancia nesse setor.<\/p>\n\n\n\n<p>Saiba que aqui na 5M Metais voc\u00ea encontra o mais completo servi\u00e7o de venda e corte de cantoneiras na zona oeste. Contamos com uma excelente infraestrutura e com profissionais altamente capacitados. Teremos o maior prazer em lhe atender e oferecer o que h\u00e1 de mais completo nesse segmento.\u00a0<\/p>\n\n\n\n<figure class=\"wp-block-image size-large\"><a href=\"https:\/\/www.5mmetais.com.br\/contato\" target=\"_blank\" rel=\"noopener\"><img loading=\"lazy\" decoding=\"async\" width=\"1024\" height=\"576\" src=\"https:\/\/www.5mmetais.com.br\/blog\/wp-content\/uploads\/2021\/10\/venda-e-corte-de-cantoneiras-1-1024x576.png\" alt=\"venda e corte de cantoneiras \" class=\"wp-image-39\" srcset=\"https:\/\/www.5mmetais.com.br\/blog\/wp-content\/uploads\/2021\/10\/venda-e-corte-de-cantoneiras-1-1024x576.png 1024w, https:\/\/www.5mmetais.com.br\/blog\/wp-content\/uploads\/2021\/10\/venda-e-corte-de-cantoneiras-1-300x169.png 300w, https:\/\/www.5mmetais.com.br\/blog\/wp-content\/uploads\/2021\/10\/venda-e-corte-de-cantoneiras-1-768x432.png 768w, https:\/\/www.5mmetais.com.br\/blog\/wp-content\/uploads\/2021\/10\/venda-e-corte-de-cantoneiras-1-1536x864.png 1536w, https:\/\/www.5mmetais.com.br\/blog\/wp-content\/uploads\/2021\/10\/venda-e-corte-de-cantoneiras-1-2048x1152.png 2048w, https:\/\/www.5mmetais.com.br\/blog\/wp-content\/uploads\/2021\/10\/venda-e-corte-de-cantoneiras-1-1360x765.png 1360w\" sizes=\"auto, (max-width: 1024px) 100vw, 1024px\" \/><\/a><\/figure>\n\n\n\n<p>Para ficar por dentro e dicas e novidades sobre o setor de reciclagem e venda e corte de cantoneiras, confira nosso <a href=\"https:\/\/www.5mmetais.com.br\/blog\/\" target=\"_blank\" rel=\"noreferrer noopener\">blog<\/a>. Aqui voc\u00ea encontra tudo o que acontece no ramo. At\u00e9 a pr\u00f3xima!!<\/p>\n","protected":false},"excerpt":{"rendered":"<p><span class=\"span-reading-time rt-reading-time\" style=\"display: block;\"><span class=\"rt-label rt-prefix\">Tempo de leitura: <\/span> <span class=\"rt-time\"> 2<\/span> <span class=\"rt-label rt-postfix\">minutos<\/span><\/span>Voc\u00ea sabe como \u00e9 o servi\u00e7o de venda e corte de cantoneiras na zona oeste? Este \u00e9 um setor que possui suma import\u00e2ncia devido a alta usabilidade deste item nos mais diversos setores. No texto de hoje falaremos sobre as vantagens das cantoneiras e mais sobre o servi\u00e7o de venda e corte. Confira!!! No ramo &hellip; <\/p>\n","protected":false},"author":1,"featured_media":40,"comment_status":"open","ping_status":"open","sticky":false,"template":"","format":"standard","meta":{"footnotes":""},"categories":[29],"tags":[32,155,163,160,158,162,161,250,245,227,220,237,212,233,33,251,243,226,221,239,215,231,249,244,225,219,238,214,232,31,248,242,224,218,236,213,230,191,190,189,188,193,192,196,197,195,194,199,198,166,167,165,164,169,168,171,173,170,172,176,174,177,179,178,175,181,180,184,185,182,183,187,186,208,209,206,207,211,210,157,156,159,202,203,200,201,205,204,34,253,247,229,223,241,217,235,30,252,246,228,222,240,216,234],"class_list":["post-36","post","type-post","status-publish","format-standard","has-post-thumbnail","hentry","category-cantoneiras","tag-comprar-cantoneiras","tag-comprar-cortar-cantoneira","tag-comprar-cortar-cantoneiras","tag-comprar-corte-de-cantoneira","tag-comprar-corte-de-cantoneiras","tag-comprar-venda-e-corte-de-cantoneira","tag-comprar-venda-e-corte-de-cantoneiras","tag-cortar-cantoneira-direto-da-fabrica","tag-cortar-cantoneira-em-promocao","tag-cortar-cantoneira-em-sao-paulo","tag-cortar-cantoneira-em-sp","tag-cortar-cantoneira-na-lapa","tag-cortar-cantoneira-preco","tag-cortar-cantoneira-zona-oeste","tag-cortar-cantoneiras","tag-cortar-cantoneiras-direto-da-fabrica","tag-cortar-cantoneiras-em-promocao","tag-cortar-cantoneiras-em-sao-paulo","tag-cortar-cantoneiras-em-sp","tag-cortar-cantoneiras-na-lapa","tag-cortar-cantoneiras-preco","tag-cortar-cantoneiras-zona-oeste","tag-corte-de-cantoneira-direto-da-fabrica","tag-corte-de-cantoneira-em-promocao","tag-corte-de-cantoneira-em-sao-paulo","tag-corte-de-cantoneira-em-sp","tag-corte-de-cantoneira-na-lapa","tag-corte-de-cantoneira-preco","tag-corte-de-cantoneira-zona-oeste","tag-corte-de-cantoneiras","tag-corte-de-cantoneiras-direto-da-fabrica","tag-corte-de-cantoneiras-em-promocao","tag-corte-de-cantoneiras-em-sao-paulo","tag-corte-de-cantoneiras-em-sp","tag-corte-de-cantoneiras-na-lapa","tag-corte-de-cantoneiras-preco","tag-corte-de-cantoneiras-zona-oeste","tag-distribuidor-de-cortar-cantoneira","tag-distribuidor-de-cortar-cantoneiras","tag-distribuidor-de-corte-de-cantoneira","tag-distribuidor-de-corte-de-cantoneiras","tag-distribuidor-de-venda-e-corte-de-cantoneira","tag-distribuidor-de-venda-e-corte-de-cantoneiras","tag-distribuidora-de-cortar-cantoneira","tag-distribuidora-de-cortar-cantoneiras","tag-distribuidora-de-corte-de-cantoneira","tag-distribuidora-de-corte-de-cantoneiras","tag-distribuidora-de-venda-e-corte-de-cantoneira","tag-distribuidora-de-venda-e-corte-de-cantoneiras","tag-empresa-de-cortar-cantoneira","tag-empresa-de-cortar-cantoneiras","tag-empresa-de-corte-de-cantoneira","tag-empresa-de-corte-de-cantoneiras","tag-empresa-de-venda-e-corte-de-cantoneira","tag-empresa-de-venda-e-corte-de-cantoneiras","tag-fabrica-de-cortar-cantoneira","tag-fabrica-de-cortar-cantoneiras","tag-fabrica-de-corte-de-cantoneira","tag-fabrica-de-corte-de-cantoneiras","tag-fabrica-de-venda-e-corte-de-cantoneira","tag-fabrica-de-venda-e-corte-de-cantoneiras","tag-fabricante-de-cortar-cantoneira","tag-fabricante-de-cortar-cantoneiras","tag-fabricante-de-corte-de-cantoneira","tag-fabricante-de-corte-de-cantoneiras","tag-fabricante-de-venda-e-corte-de-cantoneira","tag-fabricante-de-venda-e-corte-de-cantoneiras","tag-fornecedor-de-cortar-cantoneira","tag-fornecedor-de-cortar-cantoneiras","tag-fornecedor-de-corte-de-cantoneira","tag-fornecedor-de-corte-de-cantoneiras","tag-fornecedor-de-venda-e-corte-de-cantoneira","tag-fornecedor-de-venda-e-corte-de-cantoneiras","tag-loja-de-cortar-cantoneira","tag-loja-de-cortar-cantoneiras","tag-loja-de-corte-de-cantoneira","tag-loja-de-corte-de-cantoneiras","tag-loja-de-venda-e-corte-de-cantoneira","tag-loja-de-venda-e-corte-de-cantoneiras","tag-onde-encontrar-cortar-cantoneiras","tag-onde-encontrar-venda-e-corte-de-cantoneira","tag-onde-encontrar-venda-e-corte-de-cantoneiras","tag-revendedor-de-cortar-cantoneira","tag-revendedor-de-cortar-cantoneiras","tag-revendedor-de-corte-de-cantoneira","tag-revendedor-de-corte-de-cantoneiras","tag-revendedor-de-venda-e-corte-de-cantoneira","tag-revendedor-de-venda-e-corte-de-cantoneiras","tag-tipos-de-cantoneiras","tag-venda-e-corte-de-cantoneira-direto-da-fabrica","tag-venda-e-corte-de-cantoneira-em-promocao","tag-venda-e-corte-de-cantoneira-em-sao-paulo","tag-venda-e-corte-de-cantoneira-em-sp","tag-venda-e-corte-de-cantoneira-na-lapa","tag-venda-e-corte-de-cantoneira-preco","tag-venda-e-corte-de-cantoneira-zona-oeste","tag-venda-e-corte-de-cantoneiras","tag-venda-e-corte-de-cantoneiras-direto-da-fabrica","tag-venda-e-corte-de-cantoneiras-em-promocao","tag-venda-e-corte-de-cantoneiras-em-sao-paulo","tag-venda-e-corte-de-cantoneiras-em-sp","tag-venda-e-corte-de-cantoneiras-na-lapa","tag-venda-e-corte-de-cantoneiras-preco","tag-venda-e-corte-de-cantoneiras-zona-oeste","latest_post"],"yoast_head":"<!-- This site is optimized with the Yoast SEO plugin v27.1.1 - https:\/\/yoast.com\/product\/yoast-seo-wordpress\/ -->\n<title>Venda e corte de cantoneiras na zona oeste : conhe\u00e7a mais sobre esse setor - 5m Metais<\/title>\n<meta name=\"description\" content=\"Leia esse texto que a 5M Com\u00e9rcio de Metais trouxe para voc\u00ea e conhe\u00e7a mais sobre como funciona o servi\u00e7o de venda e corte de cantoneiras!!!\" \/>\n<meta name=\"robots\" content=\"index, follow, max-snippet:-1, max-image-preview:large, max-video-preview:-1\" \/>\n<link rel=\"canonical\" href=\"https:\/\/www.5mmetais.com.br\/blog\/cantoneiras\/venda-e-corte-de-cantoneiras-conheca-mais-sobre\/\" \/>\n<meta property=\"og:locale\" content=\"pt_BR\" \/>\n<meta property=\"og:type\" content=\"article\" \/>\n<meta property=\"og:title\" content=\"Venda e corte de cantoneiras na zona oeste : conhe\u00e7a mais sobre esse setor - 5m Metais\" \/>\n<meta property=\"og:description\" content=\"Leia esse texto que a 5M Com\u00e9rcio de Metais trouxe para voc\u00ea e conhe\u00e7a mais sobre como funciona o servi\u00e7o de venda e corte de cantoneiras!!!\" \/>\n<meta property=\"og:url\" content=\"https:\/\/www.5mmetais.com.br\/blog\/cantoneiras\/venda-e-corte-de-cantoneiras-conheca-mais-sobre\/\" \/>\n<meta property=\"og:site_name\" content=\"5m Metais\" \/>\n<meta property=\"article:published_time\" content=\"2023-04-04T18:01:44+00:00\" \/>\n<meta property=\"article:modified_time\" content=\"2023-04-04T18:01:46+00:00\" \/>\n<meta property=\"og:image\" content=\"https:\/\/www.5mmetais.com.br\/blog\/wp-content\/uploads\/2021\/10\/venda-e-corte-de-cantoneiras1.jpg\" \/>\n\t<meta property=\"og:image:width\" content=\"600\" \/>\n\t<meta property=\"og:image:height\" content=\"395\" \/>\n\t<meta property=\"og:image:type\" content=\"image\/jpeg\" \/>\n<meta name=\"author\" content=\"admin\" \/>\n<meta name=\"twitter:card\" content=\"summary_large_image\" \/>\n<meta name=\"twitter:label1\" content=\"Escrito por\" \/>\n\t<meta name=\"twitter:data1\" content=\"admin\" \/>\n\t<meta name=\"twitter:label2\" content=\"Est. tempo de leitura\" \/>\n\t<meta name=\"twitter:data2\" content=\"3 minutos\" \/>\n<script type=\"application\/ld+json\" class=\"yoast-schema-graph\">{\"@context\":\"https:\/\/schema.org\",\"@graph\":[{\"@type\":\"Article\",\"@id\":\"https:\/\/www.5mmetais.com.br\/blog\/cantoneiras\/venda-e-corte-de-cantoneiras-conheca-mais-sobre\/#article\",\"isPartOf\":{\"@id\":\"https:\/\/www.5mmetais.com.br\/blog\/cantoneiras\/venda-e-corte-de-cantoneiras-conheca-mais-sobre\/\"},\"author\":{\"name\":\"admin\",\"@id\":\"https:\/\/www.5mmetais.com.br\/blog\/#\/schema\/person\/d5ff08e5b5a97c4461f1650a8f2145b0\"},\"headline\":\"Venda e corte de cantoneiras na zona oeste : conhe\u00e7a mais sobre esse setor\",\"datePublished\":\"2023-04-04T18:01:44+00:00\",\"dateModified\":\"2023-04-04T18:01:46+00:00\",\"mainEntityOfPage\":{\"@id\":\"https:\/\/www.5mmetais.com.br\/blog\/cantoneiras\/venda-e-corte-de-cantoneiras-conheca-mais-sobre\/\"},\"wordCount\":428,\"commentCount\":0,\"publisher\":{\"@id\":\"https:\/\/www.5mmetais.com.br\/blog\/#organization\"},\"image\":{\"@id\":\"https:\/\/www.5mmetais.com.br\/blog\/cantoneiras\/venda-e-corte-de-cantoneiras-conheca-mais-sobre\/#primaryimage\"},\"thumbnailUrl\":\"https:\/\/www.5mmetais.com.br\/blog\/wp-content\/uploads\/2021\/10\/venda-e-corte-de-cantoneiras1.jpg\",\"keywords\":[\"comprar cantoneiras\",\"comprar cortar cantoneira\",\"comprar cortar cantoneiras\",\"comprar corte de cantoneira\",\"comprar corte de cantoneiras\",\"comprar venda e corte de cantoneira\",\"comprar venda e corte de cantoneiras\",\"cortar cantoneira direto da fabrica\",\"cortar cantoneira em promo\u00e7\u00e3o\",\"cortar cantoneira em s\u00e3o paulo\",\"cortar cantoneira em sp\",\"cortar cantoneira na Lapa\",\"cortar cantoneira pre\u00e7o\",\"cortar cantoneira zona oeste\",\"cortar cantoneiras\",\"cortar cantoneiras direto da fabrica\",\"cortar cantoneiras em promo\u00e7\u00e3o\",\"cortar cantoneiras em s\u00e3o paulo\",\"cortar cantoneiras em sp\",\"cortar cantoneiras na Lapa\",\"cortar cantoneiras pre\u00e7o\",\"cortar cantoneiras zona oeste\",\"corte de cantoneira direto da fabrica\",\"corte de cantoneira em promo\u00e7\u00e3o\",\"corte de cantoneira em s\u00e3o paulo\",\"corte de cantoneira em sp\",\"corte de cantoneira na Lapa\",\"corte de cantoneira pre\u00e7o\",\"corte de cantoneira zona oeste\",\"corte de cantoneiras\",\"corte de cantoneiras direto da fabrica\",\"corte de cantoneiras em promo\u00e7\u00e3o\",\"corte de cantoneiras em s\u00e3o paulo\",\"corte de cantoneiras em sp\",\"corte de cantoneiras na Lapa\",\"corte de cantoneiras pre\u00e7o\",\"corte de cantoneiras zona oeste\",\"distribuidor de cortar cantoneira\",\"distribuidor de cortar cantoneiras\",\"distribuidor de corte de cantoneira\",\"distribuidor de corte de cantoneiras\",\"distribuidor de venda e corte de cantoneira\",\"distribuidor de venda e corte de cantoneiras\",\"distribuidora de cortar cantoneira\",\"distribuidora de cortar cantoneiras\",\"distribuidora de corte de cantoneira\",\"distribuidora de corte de cantoneiras\",\"distribuidora de venda e corte de cantoneira\",\"distribuidora de venda e corte de cantoneiras\",\"empresa de cortar cantoneira\",\"empresa de cortar cantoneiras\",\"empresa de corte de cantoneira\",\"empresa de corte de cantoneiras\",\"empresa de venda e corte de cantoneira\",\"empresa de venda e corte de cantoneiras\",\"f\u00e1brica de cortar cantoneira\",\"f\u00e1brica de cortar cantoneiras\",\"f\u00e1brica de corte de cantoneira\",\"f\u00e1brica de corte de cantoneiras\",\"f\u00e1brica de venda e corte de cantoneira\",\"f\u00e1brica de venda e corte de cantoneiras\",\"fabricante de cortar cantoneira\",\"fabricante de cortar cantoneiras\",\"fabricante de corte de cantoneira\",\"fabricante de corte de cantoneiras\",\"fabricante de venda e corte de cantoneira\",\"fabricante de venda e corte de cantoneiras\",\"fornecedor de cortar cantoneira\",\"fornecedor de cortar cantoneiras\",\"fornecedor de corte de cantoneira\",\"fornecedor de corte de cantoneiras\",\"fornecedor de venda e corte de cantoneira\",\"fornecedor de venda e corte de cantoneiras\",\"loja de cortar cantoneira\",\"loja de cortar cantoneiras\",\"loja de corte de cantoneira\",\"loja de corte de cantoneiras\",\"loja de venda e corte de cantoneira\",\"loja de venda e corte de cantoneiras\",\"onde encontrar cortar cantoneiras\",\"onde encontrar venda e corte de cantoneira\",\"onde encontrar venda e corte de cantoneiras\",\"revendedor de cortar cantoneira\",\"revendedor de cortar cantoneiras\",\"revendedor de corte de cantoneira\",\"revendedor de corte de cantoneiras\",\"revendedor de venda e corte de cantoneira\",\"revendedor de venda e corte de cantoneiras\",\"tipos de cantoneiras\",\"venda e corte de cantoneira direto da fabrica\",\"venda e corte de cantoneira em promo\u00e7\u00e3o\",\"venda e corte de cantoneira em s\u00e3o paulo\",\"venda e corte de cantoneira em sp\",\"venda e corte de cantoneira na Lapa\",\"venda e corte de cantoneira pre\u00e7o\",\"venda e corte de cantoneira zona oeste\",\"venda e corte de cantoneiras\",\"venda e corte de cantoneiras direto da fabrica\",\"venda e corte de cantoneiras em promo\u00e7\u00e3o\",\"venda e corte de cantoneiras em s\u00e3o paulo\",\"venda e corte de cantoneiras em sp\",\"venda e corte de cantoneiras na Lapa\",\"venda e corte de cantoneiras pre\u00e7o\",\"venda e corte de cantoneiras zona oeste\"],\"articleSection\":[\"Cantoneiras\"],\"inLanguage\":\"pt-BR\",\"potentialAction\":[{\"@type\":\"CommentAction\",\"name\":\"Comment\",\"target\":[\"https:\/\/www.5mmetais.com.br\/blog\/cantoneiras\/venda-e-corte-de-cantoneiras-conheca-mais-sobre\/#respond\"]}]},{\"@type\":\"WebPage\",\"@id\":\"https:\/\/www.5mmetais.com.br\/blog\/cantoneiras\/venda-e-corte-de-cantoneiras-conheca-mais-sobre\/\",\"url\":\"https:\/\/www.5mmetais.com.br\/blog\/cantoneiras\/venda-e-corte-de-cantoneiras-conheca-mais-sobre\/\",\"name\":\"Venda e corte de cantoneiras na zona oeste : conhe\u00e7a mais sobre esse setor - 5m Metais\",\"isPartOf\":{\"@id\":\"https:\/\/www.5mmetais.com.br\/blog\/#website\"},\"primaryImageOfPage\":{\"@id\":\"https:\/\/www.5mmetais.com.br\/blog\/cantoneiras\/venda-e-corte-de-cantoneiras-conheca-mais-sobre\/#primaryimage\"},\"image\":{\"@id\":\"https:\/\/www.5mmetais.com.br\/blog\/cantoneiras\/venda-e-corte-de-cantoneiras-conheca-mais-sobre\/#primaryimage\"},\"thumbnailUrl\":\"https:\/\/www.5mmetais.com.br\/blog\/wp-content\/uploads\/2021\/10\/venda-e-corte-de-cantoneiras1.jpg\",\"datePublished\":\"2023-04-04T18:01:44+00:00\",\"dateModified\":\"2023-04-04T18:01:46+00:00\",\"description\":\"Leia esse texto que a 5M Com\u00e9rcio de Metais trouxe para voc\u00ea e conhe\u00e7a mais sobre como funciona o servi\u00e7o de venda e corte de cantoneiras!!!\",\"breadcrumb\":{\"@id\":\"https:\/\/www.5mmetais.com.br\/blog\/cantoneiras\/venda-e-corte-de-cantoneiras-conheca-mais-sobre\/#breadcrumb\"},\"inLanguage\":\"pt-BR\",\"potentialAction\":[{\"@type\":\"ReadAction\",\"target\":[\"https:\/\/www.5mmetais.com.br\/blog\/cantoneiras\/venda-e-corte-de-cantoneiras-conheca-mais-sobre\/\"]}]},{\"@type\":\"ImageObject\",\"inLanguage\":\"pt-BR\",\"@id\":\"https:\/\/www.5mmetais.com.br\/blog\/cantoneiras\/venda-e-corte-de-cantoneiras-conheca-mais-sobre\/#primaryimage\",\"url\":\"https:\/\/www.5mmetais.com.br\/blog\/wp-content\/uploads\/2021\/10\/venda-e-corte-de-cantoneiras1.jpg\",\"contentUrl\":\"https:\/\/www.5mmetais.com.br\/blog\/wp-content\/uploads\/2021\/10\/venda-e-corte-de-cantoneiras1.jpg\",\"width\":600,\"height\":395,\"caption\":\"venda e corte de cantoneiras\"},{\"@type\":\"BreadcrumbList\",\"@id\":\"https:\/\/www.5mmetais.com.br\/blog\/cantoneiras\/venda-e-corte-de-cantoneiras-conheca-mais-sobre\/#breadcrumb\",\"itemListElement\":[{\"@type\":\"ListItem\",\"position\":1,\"name\":\"In\u00edcio\",\"item\":\"https:\/\/www.5mmetais.com.br\/blog\/\"},{\"@type\":\"ListItem\",\"position\":2,\"name\":\"Venda e corte de cantoneiras na zona oeste : conhe\u00e7a mais sobre esse setor\"}]},{\"@type\":\"WebSite\",\"@id\":\"https:\/\/www.5mmetais.com.br\/blog\/#website\",\"url\":\"https:\/\/www.5mmetais.com.br\/blog\/\",\"name\":\"5m Metais\",\"description\":\"Portal sobre Metais\",\"publisher\":{\"@id\":\"https:\/\/www.5mmetais.com.br\/blog\/#organization\"},\"potentialAction\":[{\"@type\":\"SearchAction\",\"target\":{\"@type\":\"EntryPoint\",\"urlTemplate\":\"https:\/\/www.5mmetais.com.br\/blog\/?s={search_term_string}\"},\"query-input\":{\"@type\":\"PropertyValueSpecification\",\"valueRequired\":true,\"valueName\":\"search_term_string\"}}],\"inLanguage\":\"pt-BR\"},{\"@type\":\"Organization\",\"@id\":\"https:\/\/www.5mmetais.com.br\/blog\/#organization\",\"name\":\"5m Metais\",\"url\":\"https:\/\/www.5mmetais.com.br\/blog\/\",\"logo\":{\"@type\":\"ImageObject\",\"inLanguage\":\"pt-BR\",\"@id\":\"https:\/\/www.5mmetais.com.br\/blog\/#\/schema\/logo\/image\/\",\"url\":\"https:\/\/www.5mmetais.com.br\/blog\/wp-content\/uploads\/2021\/08\/logo.png\",\"contentUrl\":\"https:\/\/www.5mmetais.com.br\/blog\/wp-content\/uploads\/2021\/08\/logo.png\",\"width\":139,\"height\":78,\"caption\":\"5m Metais\"},\"image\":{\"@id\":\"https:\/\/www.5mmetais.com.br\/blog\/#\/schema\/logo\/image\/\"}},{\"@type\":\"Person\",\"@id\":\"https:\/\/www.5mmetais.com.br\/blog\/#\/schema\/person\/d5ff08e5b5a97c4461f1650a8f2145b0\",\"name\":\"admin\",\"image\":{\"@type\":\"ImageObject\",\"inLanguage\":\"pt-BR\",\"@id\":\"https:\/\/www.5mmetais.com.br\/blog\/#\/schema\/person\/image\/\",\"url\":\"https:\/\/secure.gravatar.com\/avatar\/e93b0e09c568d39fb51bb3bc837bb35875be86f2ef231a93496eb0b414707787?s=96&d=mm&r=g\",\"contentUrl\":\"https:\/\/secure.gravatar.com\/avatar\/e93b0e09c568d39fb51bb3bc837bb35875be86f2ef231a93496eb0b414707787?s=96&d=mm&r=g\",\"caption\":\"admin\"},\"sameAs\":[\"https:\/\/www.5mmetais.com.br\/blog\"],\"url\":\"https:\/\/www.5mmetais.com.br\/blog\/author\/admin\/\"}]}<\/script>\n<!-- \/ Yoast SEO plugin. -->","yoast_head_json":{"title":"Venda e corte de cantoneiras na zona oeste : conhe\u00e7a mais sobre esse setor - 5m Metais","description":"Leia esse texto que a 5M Com\u00e9rcio de Metais trouxe para voc\u00ea e conhe\u00e7a mais sobre como funciona o servi\u00e7o de venda e corte de cantoneiras!!!","robots":{"index":"index","follow":"follow","max-snippet":"max-snippet:-1","max-image-preview":"max-image-preview:large","max-video-preview":"max-video-preview:-1"},"canonical":"https:\/\/www.5mmetais.com.br\/blog\/cantoneiras\/venda-e-corte-de-cantoneiras-conheca-mais-sobre\/","og_locale":"pt_BR","og_type":"article","og_title":"Venda e corte de cantoneiras na zona oeste : conhe\u00e7a mais sobre esse setor - 5m Metais","og_description":"Leia esse texto que a 5M Com\u00e9rcio de Metais trouxe para voc\u00ea e conhe\u00e7a mais sobre como funciona o servi\u00e7o de venda e corte de cantoneiras!!!","og_url":"https:\/\/www.5mmetais.com.br\/blog\/cantoneiras\/venda-e-corte-de-cantoneiras-conheca-mais-sobre\/","og_site_name":"5m Metais","article_published_time":"2023-04-04T18:01:44+00:00","article_modified_time":"2023-04-04T18:01:46+00:00","og_image":[{"width":600,"height":395,"url":"https:\/\/www.5mmetais.com.br\/blog\/wp-content\/uploads\/2021\/10\/venda-e-corte-de-cantoneiras1.jpg","type":"image\/jpeg"}],"author":"admin","twitter_card":"summary_large_image","twitter_misc":{"Escrito por":"admin","Est. tempo de leitura":"3 minutos"},"schema":{"@context":"https:\/\/schema.org","@graph":[{"@type":"Article","@id":"https:\/\/www.5mmetais.com.br\/blog\/cantoneiras\/venda-e-corte-de-cantoneiras-conheca-mais-sobre\/#article","isPartOf":{"@id":"https:\/\/www.5mmetais.com.br\/blog\/cantoneiras\/venda-e-corte-de-cantoneiras-conheca-mais-sobre\/"},"author":{"name":"admin","@id":"https:\/\/www.5mmetais.com.br\/blog\/#\/schema\/person\/d5ff08e5b5a97c4461f1650a8f2145b0"},"headline":"Venda e corte de cantoneiras na zona oeste : conhe\u00e7a mais sobre esse setor","datePublished":"2023-04-04T18:01:44+00:00","dateModified":"2023-04-04T18:01:46+00:00","mainEntityOfPage":{"@id":"https:\/\/www.5mmetais.com.br\/blog\/cantoneiras\/venda-e-corte-de-cantoneiras-conheca-mais-sobre\/"},"wordCount":428,"commentCount":0,"publisher":{"@id":"https:\/\/www.5mmetais.com.br\/blog\/#organization"},"image":{"@id":"https:\/\/www.5mmetais.com.br\/blog\/cantoneiras\/venda-e-corte-de-cantoneiras-conheca-mais-sobre\/#primaryimage"},"thumbnailUrl":"https:\/\/www.5mmetais.com.br\/blog\/wp-content\/uploads\/2021\/10\/venda-e-corte-de-cantoneiras1.jpg","keywords":["comprar cantoneiras","comprar cortar cantoneira","comprar cortar cantoneiras","comprar corte de cantoneira","comprar corte de cantoneiras","comprar venda e corte de cantoneira","comprar venda e corte de cantoneiras","cortar cantoneira direto da fabrica","cortar cantoneira em promo\u00e7\u00e3o","cortar cantoneira em s\u00e3o paulo","cortar cantoneira em sp","cortar cantoneira na Lapa","cortar cantoneira pre\u00e7o","cortar cantoneira zona oeste","cortar cantoneiras","cortar cantoneiras direto da fabrica","cortar cantoneiras em promo\u00e7\u00e3o","cortar cantoneiras em s\u00e3o paulo","cortar cantoneiras em sp","cortar cantoneiras na Lapa","cortar cantoneiras pre\u00e7o","cortar cantoneiras zona oeste","corte de cantoneira direto da fabrica","corte de cantoneira em promo\u00e7\u00e3o","corte de cantoneira em s\u00e3o paulo","corte de cantoneira em sp","corte de cantoneira na Lapa","corte de cantoneira pre\u00e7o","corte de cantoneira zona oeste","corte de cantoneiras","corte de cantoneiras direto da fabrica","corte de cantoneiras em promo\u00e7\u00e3o","corte de cantoneiras em s\u00e3o paulo","corte de cantoneiras em sp","corte de cantoneiras na Lapa","corte de cantoneiras pre\u00e7o","corte de cantoneiras zona oeste","distribuidor de cortar cantoneira","distribuidor de cortar cantoneiras","distribuidor de corte de cantoneira","distribuidor de corte de cantoneiras","distribuidor de venda e corte de cantoneira","distribuidor de venda e corte de cantoneiras","distribuidora de cortar cantoneira","distribuidora de cortar cantoneiras","distribuidora de corte de cantoneira","distribuidora de corte de cantoneiras","distribuidora de venda e corte de cantoneira","distribuidora de venda e corte de cantoneiras","empresa de cortar cantoneira","empresa de cortar cantoneiras","empresa de corte de cantoneira","empresa de corte de cantoneiras","empresa de venda e corte de cantoneira","empresa de venda e corte de cantoneiras","f\u00e1brica de cortar cantoneira","f\u00e1brica de cortar cantoneiras","f\u00e1brica de corte de cantoneira","f\u00e1brica de corte de cantoneiras","f\u00e1brica de venda e corte de cantoneira","f\u00e1brica de venda e corte de cantoneiras","fabricante de cortar cantoneira","fabricante de cortar cantoneiras","fabricante de corte de cantoneira","fabricante de corte de cantoneiras","fabricante de venda e corte de cantoneira","fabricante de venda e corte de cantoneiras","fornecedor de cortar cantoneira","fornecedor de cortar cantoneiras","fornecedor de corte de cantoneira","fornecedor de corte de cantoneiras","fornecedor de venda e corte de cantoneira","fornecedor de venda e corte de cantoneiras","loja de cortar cantoneira","loja de cortar cantoneiras","loja de corte de cantoneira","loja de corte de cantoneiras","loja de venda e corte de cantoneira","loja de venda e corte de cantoneiras","onde encontrar cortar cantoneiras","onde encontrar venda e corte de cantoneira","onde encontrar venda e corte de cantoneiras","revendedor de cortar cantoneira","revendedor de cortar cantoneiras","revendedor de corte de cantoneira","revendedor de corte de cantoneiras","revendedor de venda e corte de cantoneira","revendedor de venda e corte de cantoneiras","tipos de cantoneiras","venda e corte de cantoneira direto da fabrica","venda e corte de cantoneira em promo\u00e7\u00e3o","venda e corte de cantoneira em s\u00e3o paulo","venda e corte de cantoneira em sp","venda e corte de cantoneira na Lapa","venda e corte de cantoneira pre\u00e7o","venda e corte de cantoneira zona oeste","venda e corte de cantoneiras","venda e corte de cantoneiras direto da fabrica","venda e corte de cantoneiras em promo\u00e7\u00e3o","venda e corte de cantoneiras em s\u00e3o paulo","venda e corte de cantoneiras em sp","venda e corte de cantoneiras na Lapa","venda e corte de cantoneiras pre\u00e7o","venda e corte de cantoneiras zona oeste"],"articleSection":["Cantoneiras"],"inLanguage":"pt-BR","potentialAction":[{"@type":"CommentAction","name":"Comment","target":["https:\/\/www.5mmetais.com.br\/blog\/cantoneiras\/venda-e-corte-de-cantoneiras-conheca-mais-sobre\/#respond"]}]},{"@type":"WebPage","@id":"https:\/\/www.5mmetais.com.br\/blog\/cantoneiras\/venda-e-corte-de-cantoneiras-conheca-mais-sobre\/","url":"https:\/\/www.5mmetais.com.br\/blog\/cantoneiras\/venda-e-corte-de-cantoneiras-conheca-mais-sobre\/","name":"Venda e corte de cantoneiras na zona oeste : conhe\u00e7a mais sobre esse setor - 5m Metais","isPartOf":{"@id":"https:\/\/www.5mmetais.com.br\/blog\/#website"},"primaryImageOfPage":{"@id":"https:\/\/www.5mmetais.com.br\/blog\/cantoneiras\/venda-e-corte-de-cantoneiras-conheca-mais-sobre\/#primaryimage"},"image":{"@id":"https:\/\/www.5mmetais.com.br\/blog\/cantoneiras\/venda-e-corte-de-cantoneiras-conheca-mais-sobre\/#primaryimage"},"thumbnailUrl":"https:\/\/www.5mmetais.com.br\/blog\/wp-content\/uploads\/2021\/10\/venda-e-corte-de-cantoneiras1.jpg","datePublished":"2023-04-04T18:01:44+00:00","dateModified":"2023-04-04T18:01:46+00:00","description":"Leia esse texto que a 5M Com\u00e9rcio de Metais trouxe para voc\u00ea e conhe\u00e7a mais sobre como funciona o servi\u00e7o de venda e corte de cantoneiras!!!","breadcrumb":{"@id":"https:\/\/www.5mmetais.com.br\/blog\/cantoneiras\/venda-e-corte-de-cantoneiras-conheca-mais-sobre\/#breadcrumb"},"inLanguage":"pt-BR","potentialAction":[{"@type":"ReadAction","target":["https:\/\/www.5mmetais.com.br\/blog\/cantoneiras\/venda-e-corte-de-cantoneiras-conheca-mais-sobre\/"]}]},{"@type":"ImageObject","inLanguage":"pt-BR","@id":"https:\/\/www.5mmetais.com.br\/blog\/cantoneiras\/venda-e-corte-de-cantoneiras-conheca-mais-sobre\/#primaryimage","url":"https:\/\/www.5mmetais.com.br\/blog\/wp-content\/uploads\/2021\/10\/venda-e-corte-de-cantoneiras1.jpg","contentUrl":"https:\/\/www.5mmetais.com.br\/blog\/wp-content\/uploads\/2021\/10\/venda-e-corte-de-cantoneiras1.jpg","width":600,"height":395,"caption":"venda e corte de cantoneiras"},{"@type":"BreadcrumbList","@id":"https:\/\/www.5mmetais.com.br\/blog\/cantoneiras\/venda-e-corte-de-cantoneiras-conheca-mais-sobre\/#breadcrumb","itemListElement":[{"@type":"ListItem","position":1,"name":"In\u00edcio","item":"https:\/\/www.5mmetais.com.br\/blog\/"},{"@type":"ListItem","position":2,"name":"Venda e corte de cantoneiras na zona oeste : conhe\u00e7a mais sobre esse setor"}]},{"@type":"WebSite","@id":"https:\/\/www.5mmetais.com.br\/blog\/#website","url":"https:\/\/www.5mmetais.com.br\/blog\/","name":"5m Metais","description":"Portal sobre Metais","publisher":{"@id":"https:\/\/www.5mmetais.com.br\/blog\/#organization"},"potentialAction":[{"@type":"SearchAction","target":{"@type":"EntryPoint","urlTemplate":"https:\/\/www.5mmetais.com.br\/blog\/?s={search_term_string}"},"query-input":{"@type":"PropertyValueSpecification","valueRequired":true,"valueName":"search_term_string"}}],"inLanguage":"pt-BR"},{"@type":"Organization","@id":"https:\/\/www.5mmetais.com.br\/blog\/#organization","name":"5m Metais","url":"https:\/\/www.5mmetais.com.br\/blog\/","logo":{"@type":"ImageObject","inLanguage":"pt-BR","@id":"https:\/\/www.5mmetais.com.br\/blog\/#\/schema\/logo\/image\/","url":"https:\/\/www.5mmetais.com.br\/blog\/wp-content\/uploads\/2021\/08\/logo.png","contentUrl":"https:\/\/www.5mmetais.com.br\/blog\/wp-content\/uploads\/2021\/08\/logo.png","width":139,"height":78,"caption":"5m Metais"},"image":{"@id":"https:\/\/www.5mmetais.com.br\/blog\/#\/schema\/logo\/image\/"}},{"@type":"Person","@id":"https:\/\/www.5mmetais.com.br\/blog\/#\/schema\/person\/d5ff08e5b5a97c4461f1650a8f2145b0","name":"admin","image":{"@type":"ImageObject","inLanguage":"pt-BR","@id":"https:\/\/www.5mmetais.com.br\/blog\/#\/schema\/person\/image\/","url":"https:\/\/secure.gravatar.com\/avatar\/e93b0e09c568d39fb51bb3bc837bb35875be86f2ef231a93496eb0b414707787?s=96&d=mm&r=g","contentUrl":"https:\/\/secure.gravatar.com\/avatar\/e93b0e09c568d39fb51bb3bc837bb35875be86f2ef231a93496eb0b414707787?s=96&d=mm&r=g","caption":"admin"},"sameAs":["https:\/\/www.5mmetais.com.br\/blog"],"url":"https:\/\/www.5mmetais.com.br\/blog\/author\/admin\/"}]}},"_links":{"self":[{"href":"https:\/\/www.5mmetais.com.br\/blog\/wp-json\/wp\/v2\/posts\/36","targetHints":{"allow":["GET"]}}],"collection":[{"href":"https:\/\/www.5mmetais.com.br\/blog\/wp-json\/wp\/v2\/posts"}],"about":[{"href":"https:\/\/www.5mmetais.com.br\/blog\/wp-json\/wp\/v2\/types\/post"}],"author":[{"embeddable":true,"href":"https:\/\/www.5mmetais.com.br\/blog\/wp-json\/wp\/v2\/users\/1"}],"replies":[{"embeddable":true,"href":"https:\/\/www.5mmetais.com.br\/blog\/wp-json\/wp\/v2\/comments?post=36"}],"version-history":[{"count":2,"href":"https:\/\/www.5mmetais.com.br\/blog\/wp-json\/wp\/v2\/posts\/36\/revisions"}],"predecessor-version":[{"id":123,"href":"https:\/\/www.5mmetais.com.br\/blog\/wp-json\/wp\/v2\/posts\/36\/revisions\/123"}],"wp:featuredmedia":[{"embeddable":true,"href":"https:\/\/www.5mmetais.com.br\/blog\/wp-json\/wp\/v2\/media\/40"}],"wp:attachment":[{"href":"https:\/\/www.5mmetais.com.br\/blog\/wp-json\/wp\/v2\/media?parent=36"}],"wp:term":[{"taxonomy":"category","embeddable":true,"href":"https:\/\/www.5mmetais.com.br\/blog\/wp-json\/wp\/v2\/categories?post=36"},{"taxonomy":"post_tag","embeddable":true,"href":"https:\/\/www.5mmetais.com.br\/blog\/wp-json\/wp\/v2\/tags?post=36"}],"curies":[{"name":"wp","href":"https:\/\/api.w.org\/{rel}","templated":true}]}}